{"id":1075,"date":"2023-11-30T13:58:37","date_gmt":"2023-11-30T13:58:37","guid":{"rendered":"https:\/\/neanoticias.com\/?p=1075"},"modified":"2023-11-30T13:58:37","modified_gmt":"2023-11-30T13:58:37","slug":"camiones-cargados-de-soja-secuestrados-en-rutas-correntinas-2","status":"publish","type":"post","link":"https:\/\/neanoticias.com\/index.php\/2023\/11\/30\/camiones-cargados-de-soja-secuestrados-en-rutas-correntinas-2\/","title":{"rendered":"CAMIONES CARGADOS DE SOJA SECUESTRADOS EN RUTAS CORRENTINAS"},"content":{"rendered":"\n<p>La dirigencia reconoci\u00f3 que su llegada provoc\u00f3 un cambio profundo en el equipo y destac\u00f3 la gran relaci\u00f3n que mantiene con el plantel.<\/p>\n\n\n\n<figure class=\"wp-block-image size-full\"><img loading=\"lazy\" width=\"762\" height=\"427\" src=\"https:\/\/neanoticias.com\/wp-content\/uploads\/2023\/11\/1334148w762h427c.jpg.webp\" alt=\"\" class=\"wp-image-1076\" srcset=\"https:\/\/neanoticias.com\/wp-content\/uploads\/2023\/11\/1334148w762h427c.jpg.webp 762w, https:\/\/neanoticias.com\/wp-content\/uploads\/2023\/11\/1334148w762h427c.jpg-300x168.webp 300w\" sizes=\"(max-width: 762px) 100vw, 762px\" \/><\/figure>\n\n\n\n<p>Carlos Tevez firmar\u00e1 la renovaci\u00f3n de contrato con Independiente despu\u00e9s de haber hecho una gran campa\u00f1a, que alej\u00f3 al club de los puestos de descenso. Pese a no haber clasificado a los cuartos de final de la Copa de la Liga, algo que parec\u00eda un hecho, pero que se escap\u00f3 en la \u00faltima fecha.<\/p>\n\n\n\n<p>&#8220;Estamos cerca, hay detalles que ya est\u00e1n viendo a nivel de abogados para poder firmar, no llegaremos esta semana pero la semana que viene vamos a estar firmando y ojal\u00e1 tengamos Tevez por tres a\u00f1os&#8221;, afirm\u00f3 el presidente N\u00e9stor Grindetti.<\/p>\n\n\n\n<p>El dirigente sorprendi\u00f3 y se\u00f1al\u00f3 que su intenci\u00f3n es hacerle un contrato largo, de tres a\u00f1os, algo inusual en el f\u00fatbol argentino: &#8220;Yo pretendo que sea hasta 2026 porque quiero que sea un proceso largo, a m\u00ed me gusta no s\u00f3lo mirar la coyuntura sino mirar m\u00e1s adelante. Me gustar\u00eda que tengamos un proyecto en conjunto con Tevez, que es una gran persona, muy buen t\u00e9cnico&#8221;, explic\u00f3 en di\u00e1logo con el sitio partidario Infierno Rojo.<\/p>\n\n\n\n<p>Por otro lado, Grindetti se\u00f1al\u00f3 que uno de los secretos de Tevez es la cercan\u00eda con el plantel, algo que sin dudas influy\u00f3 en la mejora del rendimiento. &#8220;\u00c9l tiene una edad muy parecida a muchos de los jugadores y desde ese lado les habla como uno m\u00e1s. Adem\u00e1s tiene una enorme experiencia, jug\u00f3 en Europa, en China. Carlos re\u00fane la juventud con una enorme experiencia dentro de la cancha y creo que eso es muy importante para el plantel&#8221;.<\/p>\n\n\n\n<p>Independiente pele\u00f3 toda la temporada por la permanencia y logr\u00f3 escapar de esa zona desde la llegada de Carlos Tevez. La campa\u00f1a lo llev\u00f3 quedarse al borde de la clasificaci\u00f3n a los cuartos de final en la Copa de la Liga, pero qued\u00f3 eliminado en la fecha final tras perder con Talleres de C\u00f3rdoba (3-2), de visitante.<\/p>\n\n\n\n<p>El &#8220;Rojo&#8221; concluy\u00f3 la temporada lejos de la zona baja y tambi\u00e9n afuera de las pr\u00f3ximas copas internacionales, con apenas 51 puntos.<\/p>\n\n\n\n<p><strong>El futuro de Grindetti, entre la pol\u00edtica y el club<\/strong><\/p>\n\n\n\n<p>N\u00e9stor Grindetti, que fue nombrado como el nuevo jefe de Gabinete de la Ciudad de Buenos Aires bajo el mandato de Jorge Macri, indic\u00f3 que podr\u00e1 ocuparse de la pol\u00edtica y del club al mismo tiempo, sin que esto ocasione ning\u00fan perjuicio.<\/p>\n\n\n\n<p>&#8220;Me preguntan mucho c\u00f3mo voy a hacer y siempre digo lo mismo. Los dirigentes del f\u00fatbol argentino estamos ad honorem, no cobramos por eso y necesitamos trabajar de otra cosa. Hay dirigentes de f\u00fatbol que tienen una empresa, que son gerentes de bancos, por qu\u00e9 yo no podr\u00eda ser jefe de Gabinete. Yo necesito trabajar y adem\u00e1s me apasiona la gesti\u00f3n p\u00fablica&#8221;, explic\u00f3.<\/p>\n\n\n\n<p>&#8220;A diferencia de lo que hubiera sido la gobernaci\u00f3n de la provincia de Buenos Aires, donde ah\u00ed s\u00ed hubiera dado un paso al costado, en este caso estoy seguro que puedo manejar las dos cosas. No soy un dirigente que me meto en los entrenamientos, en el vestuario. Yo ocupo mi lugar de presidente, hago las reuniones de comisi\u00f3n y tomo las decisiones pol\u00edticas que le corresponden a un dirigente. No hay ninguna incompatibilidad legal ni tampoco de tiempo&#8221;, agreg\u00f3 el directivo.<\/p>\n","protected":false},"excerpt":{"rendered":"<p>La dirigencia reconoci\u00f3 que su llegada provoc\u00f3 un cambio profundo en el equipo y destac\u00f3&#8230;<\/p>\n","protected":false},"author":1,"featured_media":1076,"comment_status":"open","ping_status":"open","sticky":false,"template":"","format":"standard","meta":[],"categories":[1],"tags":[],"_links":{"self":[{"href":"https:\/\/neanoticias.com\/index.php\/wp-json\/wp\/v2\/posts\/1075"}],"collection":[{"href":"https:\/\/neanoticias.com\/index.php\/wp-json\/wp\/v2\/posts"}],"about":[{"href":"https:\/\/neanoticias.com\/index.php\/wp-json\/wp\/v2\/types\/post"}],"author":[{"embeddable":true,"href":"https:\/\/neanoticias.com\/index.php\/wp-json\/wp\/v2\/users\/1"}],"replies":[{"embeddable":true,"href":"https:\/\/neanoticias.com\/index.php\/wp-json\/wp\/v2\/comments?post=1075"}],"version-history":[{"count":1,"href":"https:\/\/neanoticias.com\/index.php\/wp-json\/wp\/v2\/posts\/1075\/revisions"}],"predecessor-version":[{"id":1077,"href":"https:\/\/neanoticias.com\/index.php\/wp-json\/wp\/v2\/posts\/1075\/revisions\/1077"}],"wp:featuredmedia":[{"embeddable":true,"href":"https:\/\/neanoticias.com\/index.php\/wp-json\/wp\/v2\/media\/1076"}],"wp:attachment":[{"href":"https:\/\/neanoticias.com\/index.php\/wp-json\/wp\/v2\/media?parent=1075"}],"wp:term":[{"taxonomy":"category","embeddable":true,"href":"https:\/\/neanoticias.com\/index.php\/wp-json\/wp\/v2\/categories?post=1075"},{"taxonomy":"post_tag","embeddable":true,"href":"https:\/\/neanoticias.com\/index.php\/wp-json\/wp\/v2\/tags?post=1075"}],"curies":[{"name":"wp","href":"https:\/\/api.w.org\/{rel}","templated":true}]}}