{"id":1072,"date":"2023-11-30T13:57:47","date_gmt":"2023-11-30T13:57:47","guid":{"rendered":"https:\/\/neanoticias.com\/?p=1072"},"modified":"2023-11-30T13:57:49","modified_gmt":"2023-11-30T13:57:49","slug":"camiones-cargados-de-soja-secuestrados-en-rutas-correntinas","status":"publish","type":"post","link":"https:\/\/neanoticias.com\/index.php\/2023\/11\/30\/camiones-cargados-de-soja-secuestrados-en-rutas-correntinas\/","title":{"rendered":"CAMIONES CARGADOS DE SOJA SECUESTRADOS EN RUTAS CORRENTINAS"},"content":{"rendered":"\n<p>Transportaban m\u00e1s de 30 toneladas por veh\u00edculo. Circulaban en zona sur de esta provincia. Todos los rodados ven\u00edan de Misiones.<\/p>\n\n\n\n<figure class=\"wp-block-image size-full\"><img loading=\"lazy\" width=\"762\" height=\"517\" src=\"https:\/\/neanoticias.com\/wp-content\/uploads\/2023\/11\/1334125w762h517c.jpg.webp\" alt=\"\" class=\"wp-image-1073\" srcset=\"https:\/\/neanoticias.com\/wp-content\/uploads\/2023\/11\/1334125w762h517c.jpg.webp 762w, https:\/\/neanoticias.com\/wp-content\/uploads\/2023\/11\/1334125w762h517c.jpg-300x204.webp 300w\" sizes=\"(max-width: 762px) 100vw, 762px\" \/><\/figure>\n\n\n\n<p>Un total de diez camiones fueron secuestrados por la Polic\u00eda de Corrientes. Todos resultaron tener irregularidades en las documentaciones. Adem\u00e1s se incautaron de dos autom\u00f3viles que habr\u00edan oficiado de acompa\u00f1antes.<\/p>\n\n\n\n<p>En distintos tramos de rutas de la provincia, la Polic\u00eda de Corrientes intercept\u00f3 camiones cargados, cada uno con m\u00e1s de 30 toneladas de soja. La Administraci\u00f3n Federal de Ingresos P\u00fablicos (AFIP) determin\u00f3 irregularidades en el transporte de materias primas. Tambi\u00e9n fueron secuestrados dos autom\u00f3viles, que acompa\u00f1aban a algunos de estos transportes.<\/p>\n\n\n\n<p>Los operativos se concretaron luego de trabajos conjuntos por personal de las Unidades regionales de Curuz\u00fa Cuati\u00e1 y de Paso de los Libres, as\u00ed como la Unidad Especial de Seguridad Rural y Ecol\u00f3gica de Mercedes y de la Unidad de Seguridad Vial de Paso de los Libres. En el control apostado en el cruce de las Rutas Nacionales 14 y 123, interceptaron tres camiones con semirremolque y momento despu\u00e9s dos autom\u00f3viles que guardar\u00edan relaci\u00f3n con los veh\u00edculos de carga. Otro de los operativos se desarroll\u00f3 en Ruta Nacional 123 y la Provincial 142, donde demoraron el avance de otros cuatro camiones, todos proveniente de Misiones.<\/p>\n\n\n\n<p>En jurisdicci\u00f3n de Mercedes, en el llamado Control Policial 3, sobre la Ruta Nacional 123, detuvieron la marcha de un Iveco, tambi\u00e9n de la &#8220;tierra colorada&#8221;. Y por \u00faltimo, en una estaci\u00f3n de servicio a la vera de la Ruta Nacional 119, jurisdicci\u00f3n de Mariano I. Loza, verificaron la documentaci\u00f3n de dos veh\u00edculos de carga. Personal policial libr\u00f3 las actas correspondientes, en tanto que las actuaciones quedaron bajo la responsabilidad de la AFIP con el Juzgado Federal de las jurisdicciones.<\/p>\n","protected":false},"excerpt":{"rendered":"<p>Transportaban m\u00e1s de 30 toneladas por veh\u00edculo. Circulaban en zona sur de esta provincia. Todos&#8230;<\/p>\n","protected":false},"author":1,"featured_media":1073,"comment_status":"open","ping_status":"open","sticky":false,"template":"","format":"standard","meta":[],"categories":[1],"tags":[],"_links":{"self":[{"href":"https:\/\/neanoticias.com\/index.php\/wp-json\/wp\/v2\/posts\/1072"}],"collection":[{"href":"https:\/\/neanoticias.com\/index.php\/wp-json\/wp\/v2\/posts"}],"about":[{"href":"https:\/\/neanoticias.com\/index.php\/wp-json\/wp\/v2\/types\/post"}],"author":[{"embeddable":true,"href":"https:\/\/neanoticias.com\/index.php\/wp-json\/wp\/v2\/users\/1"}],"replies":[{"embeddable":true,"href":"https:\/\/neanoticias.com\/index.php\/wp-json\/wp\/v2\/comments?post=1072"}],"version-history":[{"count":1,"href":"https:\/\/neanoticias.com\/index.php\/wp-json\/wp\/v2\/posts\/1072\/revisions"}],"predecessor-version":[{"id":1074,"href":"https:\/\/neanoticias.com\/index.php\/wp-json\/wp\/v2\/posts\/1072\/revisions\/1074"}],"wp:featuredmedia":[{"embeddable":true,"href":"https:\/\/neanoticias.com\/index.php\/wp-json\/wp\/v2\/media\/1073"}],"wp:attachment":[{"href":"https:\/\/neanoticias.com\/index.php\/wp-json\/wp\/v2\/media?parent=1072"}],"wp:term":[{"taxonomy":"category","embeddable":true,"href":"https:\/\/neanoticias.com\/index.php\/wp-json\/wp\/v2\/categories?post=1072"},{"taxonomy":"post_tag","embeddable":true,"href":"https:\/\/neanoticias.com\/index.php\/wp-json\/wp\/v2\/tags?post=1072"}],"curies":[{"name":"wp","href":"https:\/\/api.w.org\/{rel}","templated":true}]}}