{"id":1057,"date":"2023-11-30T12:51:03","date_gmt":"2023-11-30T12:51:03","guid":{"rendered":"https:\/\/neanoticias.com\/?p=1057"},"modified":"2023-11-30T12:51:03","modified_gmt":"2023-11-30T12:51:03","slug":"jovenes-motociclistas-con-riesgo-de-vida-tras-caer-del-rodado","status":"publish","type":"post","link":"https:\/\/neanoticias.com\/index.php\/2023\/11\/30\/jovenes-motociclistas-con-riesgo-de-vida-tras-caer-del-rodado\/","title":{"rendered":"J\u00d3VENES MOTOCICLISTAS CON &#8220;RIESGO DE VIDA&#8221; TRAS CAER DEL RODADO"},"content":{"rendered":"\n<p>Sucedi\u00f3 en horas de la madrugada en la localidad de Curuz\u00fa Cuati\u00e1. Ambos resultaron con politraumatismo de cr\u00e1neo severo. No llevaban casco de seguridad al momento del siniestro. Uno de los muchachos qued\u00f3 sobre un charco de sangre.<\/p>\n\n\n\n<figure class=\"wp-block-image size-full\"><img loading=\"lazy\" width=\"762\" height=\"519\" src=\"https:\/\/neanoticias.com\/wp-content\/uploads\/2023\/11\/1334120w762h519c.jpg.webp\" alt=\"\" class=\"wp-image-1058\" srcset=\"https:\/\/neanoticias.com\/wp-content\/uploads\/2023\/11\/1334120w762h519c.jpg.webp 762w, https:\/\/neanoticias.com\/wp-content\/uploads\/2023\/11\/1334120w762h519c.jpg-300x204.webp 300w\" sizes=\"(max-width: 762px) 100vw, 762px\" \/><\/figure>\n\n\n\n<p>Dos j\u00f3venes en moto, uno de ellos de 18 a\u00f1os y el acompa\u00f1ante menor de edad, resultaron gravemente lesionados tras chocar contra un veh\u00edculo en la localidad correntina de Curuz\u00fa Cuati\u00e1. Ninguno ten\u00eda colocado el casco de seguridad. Ambos se encuentran en estado delicado de salud.<\/p>\n\n\n\n<p>El grave siniestro vial se registr\u00f3 en horas de la madrugada de ayer, poco despu\u00e9s de las 2, en Ber\u00f3n de Astrada y Gendarmer\u00eda Nacional de la ciudad curuzucuate\u00f1a. En una motocicleta de 150 cent\u00edmetros c\u00fabicos se trasladaban dos j\u00f3venes, uno de ellos menor de edad, quienes embistieron contra un autom\u00f3vil Volkswagen Vento.<\/p>\n\n\n\n<p>El rodado de menor porte circulaba de este a oeste por la arteria principal; mientras que el auto conducido por un hombre mayor de edad se desplazaba de sur a norte.<\/p>\n\n\n\n<p>Como consecuencia del fuerte impacto, los ocupantes de la motocicleta cayeron pesadamente a la cinta asf\u00e1ltica.<\/p>\n\n\n\n<p>Ambos sufrieron traumatismo de cr\u00e1neo severo. Uno de ellos, adem\u00e1s, present\u00f3 fractura de hombro y contusiones graves.<\/p>\n\n\n\n<p>Vecinos que escucharon el choque se acercaron hasta la zona y encontraron a los muchachos, en un charco de sangre en la cinta asf\u00e1ltica y cerca del cord\u00f3n de la vereda.<\/p>\n\n\n\n<p>De inmediato fueron trasladados en ambulancia hasta el Hospital Fernando Irastorza en el que ingresaron en grave estado.<\/p>\n\n\n\n<p>En tanto, el conductor del autom\u00f3vil tambi\u00e9n requiri\u00f3 de asistencia m\u00e9dica, ya que al ver a los j\u00f3venes tirados sobre la calzada, ensangrentados, golpeados e inconscientes, se desmay\u00f3.<\/p>\n\n\n\n<p>A la zona lleg\u00f3 personal de tr\u00e1nsito que secuestr\u00f3 el veh\u00edculo por falta de seguro, como as\u00ed tambi\u00e9n la motocicleta.<\/p>\n\n\n\n<p>Efectivos policiales de la comisar\u00eda Primera realizaron las diligencias respectivas.<\/p>\n\n\n\n<h2>Filmaci\u00f3n<\/h2>\n\n\n\n<p>Trascendi\u00f3 que, en una filmaci\u00f3n captada por una c\u00e1mara de seguridad de la zona se observ\u00f3 que los j\u00f3venes circulaban por calle Ber\u00f3n de Astrada a alta velocidad, e impactaron en la parte trasera del autom\u00f3vil que cruzaba en sentido sur a norte.<\/p>\n\n\n\n<p>Por el fuerte impacto, los dos j\u00f3venes, que no llevaban casco de seguridad, salieron despedidos a varios metros del lugar de la colisi\u00f3n.<\/p>\n\n\n\n<p>Al cierre de esta edici\u00f3n fuentes policiales indicaron que los muchachos continuaban en estado delicado y no descartaban el traslado a un centro de salud de la capital provincial.<\/p>\n","protected":false},"excerpt":{"rendered":"<p>Sucedi\u00f3 en horas de la madrugada en la localidad de Curuz\u00fa Cuati\u00e1. Ambos resultaron con&#8230;<\/p>\n","protected":false},"author":1,"featured_media":1058,"comment_status":"open","ping_status":"open","sticky":false,"template":"","format":"standard","meta":[],"categories":[1],"tags":[],"_links":{"self":[{"href":"https:\/\/neanoticias.com\/index.php\/wp-json\/wp\/v2\/posts\/1057"}],"collection":[{"href":"https:\/\/neanoticias.com\/index.php\/wp-json\/wp\/v2\/posts"}],"about":[{"href":"https:\/\/neanoticias.com\/index.php\/wp-json\/wp\/v2\/types\/post"}],"author":[{"embeddable":true,"href":"https:\/\/neanoticias.com\/index.php\/wp-json\/wp\/v2\/users\/1"}],"replies":[{"embeddable":true,"href":"https:\/\/neanoticias.com\/index.php\/wp-json\/wp\/v2\/comments?post=1057"}],"version-history":[{"count":1,"href":"https:\/\/neanoticias.com\/index.php\/wp-json\/wp\/v2\/posts\/1057\/revisions"}],"predecessor-version":[{"id":1059,"href":"https:\/\/neanoticias.com\/index.php\/wp-json\/wp\/v2\/posts\/1057\/revisions\/1059"}],"wp:featuredmedia":[{"embeddable":true,"href":"https:\/\/neanoticias.com\/index.php\/wp-json\/wp\/v2\/media\/1058"}],"wp:attachment":[{"href":"https:\/\/neanoticias.com\/index.php\/wp-json\/wp\/v2\/media?parent=1057"}],"wp:term":[{"taxonomy":"category","embeddable":true,"href":"https:\/\/neanoticias.com\/index.php\/wp-json\/wp\/v2\/categories?post=1057"},{"taxonomy":"post_tag","embeddable":true,"href":"https:\/\/neanoticias.com\/index.php\/wp-json\/wp\/v2\/tags?post=1057"}],"curies":[{"name":"wp","href":"https:\/\/api.w.org\/{rel}","templated":true}]}}