{"id":1054,"date":"2023-11-30T12:49:13","date_gmt":"2023-11-30T12:49:13","guid":{"rendered":"https:\/\/neanoticias.com\/?p=1054"},"modified":"2023-11-30T12:49:15","modified_gmt":"2023-11-30T12:49:15","slug":"robaba-y-desarmaba-motos-y-lo-atraparon","status":"publish","type":"post","link":"https:\/\/neanoticias.com\/index.php\/2023\/11\/30\/robaba-y-desarmaba-motos-y-lo-atraparon\/","title":{"rendered":"ROBABA Y DESARMABA MOTOS Y LO ATRAPARON"},"content":{"rendered":"\n<p>Estar\u00eda siendo investigado por su presunta participaci\u00f3n en varios atracos a mano armada registrados en el \u00e1mbito de la capital correntina.<\/p>\n\n\n\n<figure class=\"wp-block-image size-full\"><img loading=\"lazy\" width=\"762\" height=\"794\" src=\"https:\/\/neanoticias.com\/wp-content\/uploads\/2023\/11\/1334116w762h794c.jpg.webp\" alt=\"\" class=\"wp-image-1055\" srcset=\"https:\/\/neanoticias.com\/wp-content\/uploads\/2023\/11\/1334116w762h794c.jpg.webp 762w, https:\/\/neanoticias.com\/wp-content\/uploads\/2023\/11\/1334116w762h794c.jpg-288x300.webp 288w\" sizes=\"(max-width: 762px) 100vw, 762px\" \/><\/figure>\n\n\n\n<p>Un delincuente considerado peligroso cay\u00f3 ayer en manos de la Polic\u00eda luego de que allanaran su vivienda en el barrio 17 de Agosto. Encontraron una motocicleta denunciada como robada d\u00edas atr\u00e1s y varias motopartes. Fuentes de la fuerza confirmaron a este medio que el sujeto tambi\u00e9n tendr\u00eda vinculaci\u00f3n con algunos robos a mano armada que ya ven\u00eda investigando la Polic\u00eda ocurridos en el \u00e1mbito de la capital correntina.<\/p>\n\n\n\n<p>Fue cerca de las 7:30 de la ma\u00f1ana, cuando efectivos de la Unidad Especial Antiarrebatos, juntamente con elementos del GRIM 2, llevaron adelante un allanamiento ordenado por la jueza de Garant\u00edas, Mar\u00eda Amelia Zair Nicolas, en una finca del barrio 17 de Agosto en el marco de un legajo de investigaci\u00f3n judicial N\u00b08359\/23 relacionado al robo de una motocicleta Honda CG Tit\u00e1n 150 color negra, que hab\u00eda sido robada recientemente.<\/p>\n\n\n\n<p>En el lugar, no solo se encontr\u00f3 el veh\u00edculo denunciado, sino que adem\u00e1s la Polic\u00eda localiz\u00f3 varias motopartes en poder del due\u00f1o de la casa, que pertenecer\u00edan a distintas motocicletas; al parecer el sujeto habr\u00eda robado y desarmado para luego venderlas fragmentadas.<\/p>\n\n\n\n<p>Asimismo, los investigadores localizaron varias patentes de motocicletas y juegos de llaves para estos veh\u00edculos que ser\u00edan utilizadas para los robos.<\/p>\n\n\n\n<p>El detenido fue identificado como Rosario Sebasti\u00e1n Eduardo G., quien adem\u00e1s estar\u00eda siendo investigado por su presunta participaci\u00f3n en otros hechos delictivos en que perpetraron algunos robos a punta de pistola.<\/p>\n\n\n\n<p>Tanto el detenido como los elementos decomisados fueron trasladados a la base de la Direcci\u00f3n General de Seguridad Metropolitana donde quedaron a disposici\u00f3n de la Justicia.<\/p>\n","protected":false},"excerpt":{"rendered":"<p>Estar\u00eda siendo investigado por su presunta participaci\u00f3n en varios atracos a mano armada registrados en&#8230;<\/p>\n","protected":false},"author":1,"featured_media":1055,"comment_status":"open","ping_status":"open","sticky":false,"template":"","format":"standard","meta":[],"categories":[1],"tags":[],"_links":{"self":[{"href":"https:\/\/neanoticias.com\/index.php\/wp-json\/wp\/v2\/posts\/1054"}],"collection":[{"href":"https:\/\/neanoticias.com\/index.php\/wp-json\/wp\/v2\/posts"}],"about":[{"href":"https:\/\/neanoticias.com\/index.php\/wp-json\/wp\/v2\/types\/post"}],"author":[{"embeddable":true,"href":"https:\/\/neanoticias.com\/index.php\/wp-json\/wp\/v2\/users\/1"}],"replies":[{"embeddable":true,"href":"https:\/\/neanoticias.com\/index.php\/wp-json\/wp\/v2\/comments?post=1054"}],"version-history":[{"count":1,"href":"https:\/\/neanoticias.com\/index.php\/wp-json\/wp\/v2\/posts\/1054\/revisions"}],"predecessor-version":[{"id":1056,"href":"https:\/\/neanoticias.com\/index.php\/wp-json\/wp\/v2\/posts\/1054\/revisions\/1056"}],"wp:featuredmedia":[{"embeddable":true,"href":"https:\/\/neanoticias.com\/index.php\/wp-json\/wp\/v2\/media\/1055"}],"wp:attachment":[{"href":"https:\/\/neanoticias.com\/index.php\/wp-json\/wp\/v2\/media?parent=1054"}],"wp:term":[{"taxonomy":"category","embeddable":true,"href":"https:\/\/neanoticias.com\/index.php\/wp-json\/wp\/v2\/categories?post=1054"},{"taxonomy":"post_tag","embeddable":true,"href":"https:\/\/neanoticias.com\/index.php\/wp-json\/wp\/v2\/tags?post=1054"}],"curies":[{"name":"wp","href":"https:\/\/api.w.org\/{rel}","templated":true}]}}