{"id":1048,"date":"2023-11-30T12:45:51","date_gmt":"2023-11-30T12:45:51","guid":{"rendered":"https:\/\/neanoticias.com\/?p=1048"},"modified":"2023-11-30T12:45:52","modified_gmt":"2023-11-30T12:45:52","slug":"robaron-silletas-y-las-vendieron-a-vecinos-de-los-damnificados","status":"publish","type":"post","link":"https:\/\/neanoticias.com\/index.php\/2023\/11\/30\/robaron-silletas-y-las-vendieron-a-vecinos-de-los-damnificados\/","title":{"rendered":"ROBARON SILLETAS Y LAS VENDIERON A VECINOS DE LOS DAMNIFICADOS"},"content":{"rendered":"\n<p>Con el aporte de las im\u00e1genes, la Polic\u00eda inici\u00f3 tareas investigativas que llevaron hasta una casa en la cual el propietario del lugar, dijo que compr\u00f3 &#8220;de buena fe&#8221; esos objetos e hizo entrega de los mismos.<\/p>\n\n\n\n<figure class=\"wp-block-image size-full\"><img loading=\"lazy\" width=\"762\" height=\"767\" src=\"https:\/\/neanoticias.com\/wp-content\/uploads\/2023\/11\/1334123w762h767c.jpg.webp\" alt=\"\" class=\"wp-image-1049\" srcset=\"https:\/\/neanoticias.com\/wp-content\/uploads\/2023\/11\/1334123w762h767c.jpg.webp 762w, https:\/\/neanoticias.com\/wp-content\/uploads\/2023\/11\/1334123w762h767c.jpg-298x300.webp 298w, https:\/\/neanoticias.com\/wp-content\/uploads\/2023\/11\/1334123w762h767c.jpg-150x150.webp 150w\" sizes=\"(max-width: 762px) 100vw, 762px\" \/><\/figure>\n\n\n\n<p>D\u00edas atr\u00e1s, una familia en la localidad de Esquina denunci\u00f3 el robo de varias silletas de diferentes modelos. El momento del hecho qued\u00f3 registrado por c\u00e1maras de seguridad de la casa. Gracias al aporte de vecinos y de la fuerza policial lograron localizar y recuperar lo sustra\u00eddo.<\/p>\n\n\n\n<p>En una vivienda, ubicada por calle Rivadavia y Roca de ese poblado, un delincuente qued\u00f3 filmado y luego escrachado en redes sociales por el robo de silletas.<\/p>\n\n\n\n<p>Adem\u00e1s, el aporte de testimoniales de vecinos hizo que el presunto autor sea identificado, pero a\u00fan no fue localizado; es por ello que el fiscal en turno deber\u00e1 determinar las medidas procesales pertinentes para el delincuente en cuesti\u00f3n.<\/p>\n\n\n\n<p>El caso fue caratulado como &#8220;supuesto hurto calificado por escalamiento&#8221;.<\/p>\n\n\n\n<p>En la comisar\u00eda de la zona contin\u00faan con las diligencias correspondientes.<\/p>\n\n\n\n<h2>Filmaci\u00f3n<\/h2>\n\n\n\n<p>El aporte de las c\u00e1maras de seguridad de la due\u00f1a de casa ayud\u00f3 a los vecinos a brindar datos a cerca de qui\u00e9n se tratar\u00eda, siendo el mismo identificado como autor de otros delitos cometidos en el barrio.<\/p>\n\n\n\n<p>Extraoficialmente se supo que el muchacho, mayor de edad, tiene antecedentes delictivos.<\/p>\n","protected":false},"excerpt":{"rendered":"<p>Con el aporte de las im\u00e1genes, la Polic\u00eda inici\u00f3 tareas investigativas que llevaron hasta una&#8230;<\/p>\n","protected":false},"author":1,"featured_media":1049,"comment_status":"open","ping_status":"open","sticky":false,"template":"","format":"standard","meta":[],"categories":[1],"tags":[],"_links":{"self":[{"href":"https:\/\/neanoticias.com\/index.php\/wp-json\/wp\/v2\/posts\/1048"}],"collection":[{"href":"https:\/\/neanoticias.com\/index.php\/wp-json\/wp\/v2\/posts"}],"about":[{"href":"https:\/\/neanoticias.com\/index.php\/wp-json\/wp\/v2\/types\/post"}],"author":[{"embeddable":true,"href":"https:\/\/neanoticias.com\/index.php\/wp-json\/wp\/v2\/users\/1"}],"replies":[{"embeddable":true,"href":"https:\/\/neanoticias.com\/index.php\/wp-json\/wp\/v2\/comments?post=1048"}],"version-history":[{"count":1,"href":"https:\/\/neanoticias.com\/index.php\/wp-json\/wp\/v2\/posts\/1048\/revisions"}],"predecessor-version":[{"id":1050,"href":"https:\/\/neanoticias.com\/index.php\/wp-json\/wp\/v2\/posts\/1048\/revisions\/1050"}],"wp:featuredmedia":[{"embeddable":true,"href":"https:\/\/neanoticias.com\/index.php\/wp-json\/wp\/v2\/media\/1049"}],"wp:attachment":[{"href":"https:\/\/neanoticias.com\/index.php\/wp-json\/wp\/v2\/media?parent=1048"}],"wp:term":[{"taxonomy":"category","embeddable":true,"href":"https:\/\/neanoticias.com\/index.php\/wp-json\/wp\/v2\/categories?post=1048"},{"taxonomy":"post_tag","embeddable":true,"href":"https:\/\/neanoticias.com\/index.php\/wp-json\/wp\/v2\/tags?post=1048"}],"curies":[{"name":"wp","href":"https:\/\/api.w.org\/{rel}","templated":true}]}}