{"id":1045,"date":"2023-11-30T12:38:05","date_gmt":"2023-11-30T12:38:05","guid":{"rendered":"https:\/\/neanoticias.com\/?p=1045"},"modified":"2023-11-30T12:38:05","modified_gmt":"2023-11-30T12:38:05","slug":"andaba-con-una-caja-de-copas-hurtadas","status":"publish","type":"post","link":"https:\/\/neanoticias.com\/index.php\/2023\/11\/30\/andaba-con-una-caja-de-copas-hurtadas\/","title":{"rendered":"ANDABA CON UNA CAJA DE COPAS HURTADAS"},"content":{"rendered":"\n<p>Un delincuente fue atrapado en la madrugada de ayer por la Polic\u00eda, cuando lo sorprendieron llevando consigo una caja completa con 12 copas de cristal que no pudo justificar de d\u00f3nde las hab\u00eda sacado. Suyas no eran y para colmo posee antecedentes por otras fechor\u00edas, por lo que termin\u00f3 preso.<\/p>\n\n\n\n<figure class=\"wp-block-image size-full\"><img loading=\"lazy\" width=\"762\" height=\"525\" src=\"https:\/\/neanoticias.com\/wp-content\/uploads\/2023\/11\/1334114w762h525c.jpg.webp\" alt=\"\" class=\"wp-image-1046\" srcset=\"https:\/\/neanoticias.com\/wp-content\/uploads\/2023\/11\/1334114w762h525c.jpg.webp 762w, https:\/\/neanoticias.com\/wp-content\/uploads\/2023\/11\/1334114w762h525c.jpg-300x207.webp 300w\" sizes=\"(max-width: 762px) 100vw, 762px\" \/><\/figure>\n\n\n\n<p>Fue cerca de las 5:30, cuando elementos del destacamento policial San Marcos patrullaban las inmediaciones de las calles R\u00edo Limay y Facundo Quiroga, cuando repentinamente observaron a un sujeto que se movilizaba presuroso llevando una caja de cart\u00f3n.<\/p>\n\n\n\n<p>Al aproximarse, el hombre se puso extremadamente nervioso por lo que fue demorado e identificado como F. A. J., de 32 a\u00f1os, quien comenz\u00f3 a tartamudear sin poder encontrar palabras para explicarles a los uniformados de d\u00f3nde hab\u00eda sacado la caja con copas de vidrio que llevaba consigo, pero que a los polic\u00edas les qued\u00f3 muy claro que no le pertenec\u00edan. Fue trasladado a la Comisar\u00eda S\u00e9ptima donde qued\u00f3 a disposici\u00f3n de la Justicia.<\/p>\n","protected":false},"excerpt":{"rendered":"<p>Un delincuente fue atrapado en la madrugada de ayer por la Polic\u00eda, cuando lo sorprendieron&#8230;<\/p>\n","protected":false},"author":1,"featured_media":1046,"comment_status":"open","ping_status":"open","sticky":false,"template":"","format":"standard","meta":[],"categories":[1],"tags":[],"_links":{"self":[{"href":"https:\/\/neanoticias.com\/index.php\/wp-json\/wp\/v2\/posts\/1045"}],"collection":[{"href":"https:\/\/neanoticias.com\/index.php\/wp-json\/wp\/v2\/posts"}],"about":[{"href":"https:\/\/neanoticias.com\/index.php\/wp-json\/wp\/v2\/types\/post"}],"author":[{"embeddable":true,"href":"https:\/\/neanoticias.com\/index.php\/wp-json\/wp\/v2\/users\/1"}],"replies":[{"embeddable":true,"href":"https:\/\/neanoticias.com\/index.php\/wp-json\/wp\/v2\/comments?post=1045"}],"version-history":[{"count":1,"href":"https:\/\/neanoticias.com\/index.php\/wp-json\/wp\/v2\/posts\/1045\/revisions"}],"predecessor-version":[{"id":1047,"href":"https:\/\/neanoticias.com\/index.php\/wp-json\/wp\/v2\/posts\/1045\/revisions\/1047"}],"wp:featuredmedia":[{"embeddable":true,"href":"https:\/\/neanoticias.com\/index.php\/wp-json\/wp\/v2\/media\/1046"}],"wp:attachment":[{"href":"https:\/\/neanoticias.com\/index.php\/wp-json\/wp\/v2\/media?parent=1045"}],"wp:term":[{"taxonomy":"category","embeddable":true,"href":"https:\/\/neanoticias.com\/index.php\/wp-json\/wp\/v2\/categories?post=1045"},{"taxonomy":"post_tag","embeddable":true,"href":"https:\/\/neanoticias.com\/index.php\/wp-json\/wp\/v2\/tags?post=1045"}],"curies":[{"name":"wp","href":"https:\/\/api.w.org\/{rel}","templated":true}]}}