{"id":1035,"date":"2023-11-30T12:22:16","date_gmt":"2023-11-30T12:22:16","guid":{"rendered":"https:\/\/neanoticias.com\/?p=1035"},"modified":"2023-11-30T12:22:17","modified_gmt":"2023-11-30T12:22:17","slug":"nacion-no-destino-recursos-para-los-discapacitados-correntinos","status":"publish","type":"post","link":"https:\/\/neanoticias.com\/index.php\/2023\/11\/30\/nacion-no-destino-recursos-para-los-discapacitados-correntinos\/","title":{"rendered":"&#8220;NACI\u00d3N NO DESTIN\u00d3 RECURSOS PARA LOS DISCAPACITADOS CORRENTINOS&#8221;"},"content":{"rendered":"\n<p>As\u00ed lo expres\u00f3 Roxana Tannuri, directora del Consejo Provincial del Discapacitado. Ante la consulta de \u00e9poca dijo que pese a esta situaci\u00f3n, el Gobierno Provincial mantendr\u00e1 el presupuesto para el pr\u00f3ximo a\u00f1o y afirm\u00f3 que conf\u00eda en la pr\u00f3xima gesti\u00f3n presidencial.<\/p>\n\n\n\n<figure class=\"wp-block-image size-full\"><img loading=\"lazy\" width=\"762\" height=\"434\" src=\"https:\/\/neanoticias.com\/wp-content\/uploads\/2023\/11\/1334088w762h434c.jpg.webp\" alt=\"\" class=\"wp-image-1037\" srcset=\"https:\/\/neanoticias.com\/wp-content\/uploads\/2023\/11\/1334088w762h434c.jpg.webp 762w, https:\/\/neanoticias.com\/wp-content\/uploads\/2023\/11\/1334088w762h434c.jpg-300x171.webp 300w\" sizes=\"(max-width: 762px) 100vw, 762px\" \/><\/figure>\n\n\n\n<p>El pa\u00eds vive sus \u00faltimos d\u00edas transici\u00f3n. El pr\u00f3ximo domingo 10 de diciembre asumir\u00e1 Javier Milei como presidente de la Naci\u00f3n. Para muchos sectores de la econom\u00eda su Gobierno es una inc\u00f3gnita, ya que su impronta de campa\u00f1a dejaba entrever que la pol\u00edtica de recorte ser\u00e1 inminente. Desde el Consejo del Discapacitado criticaron al Gobierno saliente por la falta de inversi\u00f3n en el sector.<\/p>\n\n\n\n<p>Para las provincias tambi\u00e9n es un signo de preguntas lo que vendr\u00e1. Lo que m\u00e1s preocupa a los gobernadores son los fondos coparticipables. Algunos mandatarios ya dejaron entrever que ser\u00e1 dif\u00edcil afrontar los gastos en sueldos, pero sobre todo el aguinaldo.<\/p>\n\n\n\n<p>En Corrientes, por ejemplo, el gobernador Gustavo Vald\u00e9s en el inicio de la semana realiz\u00f3 una reuni\u00f3n de gabinete ampliada para analizar los pasos a seguir en cuanto al pr\u00f3ximo domingo.<\/p>\n\n\n\n<p>Tras ese encuentro en el que participaron ministros y funcionarios de segunda l\u00ednea, se envi\u00f3 el presupuesto del pr\u00f3ximo a\u00f1o a la Legislatura Provincial.<\/p>\n\n\n\n<p>Ante este panorama de incertidumbre en el contexto nacional, \u00e9poca dialog\u00f3 con Roxana Tannuri, directora del Consejo Provincial del Discapacitado. La funcionaria coment\u00f3: &#8220;El presupuesto asignado para las personas con discapacidad se mantendr\u00e1 en Corrientes&#8221;.<\/p>\n\n\n\n<p>En relaci\u00f3n al Gobierno Nacional saliente se\u00f1al\u00f3: &#8220;el Gobierno de Alberto Fern\u00e1ndez no destin\u00f3 recursos a nuestra \u00e1rea. &#8220;Lamentamos que no destinaran los fondos correspondientes a la Direcci\u00f3n de Discapacidad de la Provincia&#8221;, dijo Tannuri. Adem\u00e1s ampli\u00f3: &#8220;Todos los elementos que adquirimos durante el a\u00f1o fueron financiados con fondos provinciales&#8221;.<\/p>\n\n\n\n<p>Sobre las expectativas del nuevo Gobierno Nacional dijo: &#8220;Tenemos esperanzas y fe en un cambio positivo, especialmente para las personas con discapacidad. A pesar de los desaf\u00edos, confirm\u00f3 que el presupuesto asignado para las personas con discapacidad en la provincia se mantendr\u00e1&#8221;.<\/p>\n\n\n\n<p>Justific\u00f3 esos dichos expresando que la inclusi\u00f3n es uno de los ejes fundamentales en la agenda del gobernador Gustavo Vald\u00e9s.<\/p>\n\n\n\n<h2>Balance del a\u00f1o<\/h2>\n\n\n\n<p>Roxana Tannuri inform\u00f3 que hoy y ma\u00f1ana la direcci\u00f3n que administra estar\u00e1 en la localidad de Ca\u00e1 Cat\u00ed. En la oportunidad, se llevar\u00e1 a cabo la entrega de certificados del curso de lengua de se\u00f1as, marcando el cierre de las capacitaciones del presente a\u00f1o.<\/p>\n\n\n\n<p>La directora destac\u00f3 que durante todo el a\u00f1o recorrieron diversas ciudades de la provincia ofreciendo cursos de lengua de se\u00f1as. Con esta oferta llegaron a Monte Caseros, San Roque, Esquina, Santa Luc\u00eda, Tatacu\u00e1, entre otros.<\/p>\n\n\n\n<p>Adem\u00e1s del curso, la direcci\u00f3n realiz\u00f3 diversos eventos e hicieron entrega de recursos y elementos de ortopedia, as\u00ed como la inauguraci\u00f3n del banco de ayudas t\u00e9cnicas.<\/p>\n\n\n\n<p>Entre los recursos disponibles, Tannuri enfatiz\u00f3 la existencia de sillas de ruedas, muletas y aud\u00edfonos, elementos costosos que el Consejo Provincial ofrece a aquellas personas sin cobertura social. La funcionaria pidi\u00f3 a la poblaci\u00f3n que se acerque a la oficina del consejo que se encuentra abierta de 8 a 19 o bien se comunique al n\u00famero telef\u00f3nico 3794- 751123.<\/p>\n\n\n\n<p>La directora tambi\u00e9n abord\u00f3 la creciente demanda debido a los problemas de las obras sociales. En este sentido se\u00f1al\u00f3: &#8220;Muchas no est\u00e1n cubriendo adecuadamente las necesidades de las personas con discapacidad, lo que ha llevado a un aumento en las consultas legales&#8221;, indic\u00f3.<\/p>\n","protected":false},"excerpt":{"rendered":"<p>As\u00ed lo expres\u00f3 Roxana Tannuri, directora del Consejo Provincial del Discapacitado. Ante la consulta de&#8230;<\/p>\n","protected":false},"author":1,"featured_media":1037,"comment_status":"open","ping_status":"open","sticky":false,"template":"","format":"standard","meta":[],"categories":[1],"tags":[],"_links":{"self":[{"href":"https:\/\/neanoticias.com\/index.php\/wp-json\/wp\/v2\/posts\/1035"}],"collection":[{"href":"https:\/\/neanoticias.com\/index.php\/wp-json\/wp\/v2\/posts"}],"about":[{"href":"https:\/\/neanoticias.com\/index.php\/wp-json\/wp\/v2\/types\/post"}],"author":[{"embeddable":true,"href":"https:\/\/neanoticias.com\/index.php\/wp-json\/wp\/v2\/users\/1"}],"replies":[{"embeddable":true,"href":"https:\/\/neanoticias.com\/index.php\/wp-json\/wp\/v2\/comments?post=1035"}],"version-history":[{"count":1,"href":"https:\/\/neanoticias.com\/index.php\/wp-json\/wp\/v2\/posts\/1035\/revisions"}],"predecessor-version":[{"id":1038,"href":"https:\/\/neanoticias.com\/index.php\/wp-json\/wp\/v2\/posts\/1035\/revisions\/1038"}],"wp:featuredmedia":[{"embeddable":true,"href":"https:\/\/neanoticias.com\/index.php\/wp-json\/wp\/v2\/media\/1037"}],"wp:attachment":[{"href":"https:\/\/neanoticias.com\/index.php\/wp-json\/wp\/v2\/media?parent=1035"}],"wp:term":[{"taxonomy":"category","embeddable":true,"href":"https:\/\/neanoticias.com\/index.php\/wp-json\/wp\/v2\/categories?post=1035"},{"taxonomy":"post_tag","embeddable":true,"href":"https:\/\/neanoticias.com\/index.php\/wp-json\/wp\/v2\/tags?post=1035"}],"curies":[{"name":"wp","href":"https:\/\/api.w.org\/{rel}","templated":true}]}}