{"id":1029,"date":"2023-11-30T11:34:25","date_gmt":"2023-11-30T11:34:25","guid":{"rendered":"https:\/\/neanoticias.com\/?p=1029"},"modified":"2023-11-30T11:34:26","modified_gmt":"2023-11-30T11:34:26","slug":"se-declara-la-emergencia-sanitaria-por-encefalomielitis-equinas","status":"publish","type":"post","link":"https:\/\/neanoticias.com\/index.php\/2023\/11\/30\/se-declara-la-emergencia-sanitaria-por-encefalomielitis-equinas\/","title":{"rendered":"SE DECLARA LA EMERGENCIA SANITARIA POR ENCEFALOMIELITIS EQUINAS"},"content":{"rendered":"\n<p>El Senasa mediante su Resoluci\u00f3n 1219\/2023 publicada en hoy el Bolet\u00edn Oficial, busca contener, prevenir y controlar la enfermedad.<\/p>\n\n\n\n<figure class=\"wp-block-image size-full\"><img loading=\"lazy\" width=\"850\" height=\"555\" src=\"https:\/\/neanoticias.com\/wp-content\/uploads\/2023\/11\/1334146w850h555c.jpg.webp\" alt=\"\" class=\"wp-image-1030\" srcset=\"https:\/\/neanoticias.com\/wp-content\/uploads\/2023\/11\/1334146w850h555c.jpg.webp 850w, https:\/\/neanoticias.com\/wp-content\/uploads\/2023\/11\/1334146w850h555c.jpg-300x196.webp 300w, https:\/\/neanoticias.com\/wp-content\/uploads\/2023\/11\/1334146w850h555c.jpg-768x501.webp 768w\" sizes=\"(max-width: 850px) 100vw, 850px\" \/><\/figure>\n\n\n\n<p>El Servicio Nacional de Sanidad y Calidad Agroalimentaria (Senasa) declara el estado de emergencia sanitaria en todo el territorio nacional mediante su Resoluci\u00f3n 1219\/2023 publicada hoy en el Bolet\u00edn Oficial.<\/p>\n\n\n\n<p>Las medidas sanitarias son inmediatas, extraordinarias, excepcionales y de contenci\u00f3n ante brotes de Encefalomielitis Equinas (EE). Adem\u00e1s ratifica la restricci\u00f3n de movimientos y medidas para las concentraciones de equinos y sus excepciones, efectuadas mediante la Disposici\u00f3n DNSA 363\/2023 publicada el 27 de noviembre en el Bolet\u00edn Oficial.<\/p>\n\n\n\n<p>La normativa faculta a la Direcci\u00f3n Nacional de Sanidad Animal del Senasa a establecer excepciones, as\u00ed como otras medidas complementarias de emergencia, sobre la base de una evaluaci\u00f3n de riesgos que lo sustente. Y a propiciar normas complementarias que dispongan medidas de control, prevenci\u00f3n y vigilancia, adoptando las acciones sanitarias extraordinarias que coadyuven a contener, prevenir y controlar la enfermedad, y a mantener el estatus sanitario del pa\u00eds respecto de la misma.<\/p>\n\n\n\n<p>Tambi\u00e9n la faculta al dictado de las medidas pertinentes, de acuerdo con la normativa vigente y con los respectivos manuales operativos, teniendo en cuenta los criterios y lineamientos internacionales en la materia.<\/p>\n\n\n\n<p><strong>V\u00edas de comunicaci\u00f3n<\/strong><\/p>\n\n\n\n<p>Ante cambios de conducta o comportamientos poco habituales en equinos dar aviso al Senasa, concurriendo a la oficina m\u00e1s cercana; enviando un Whatsapp al ; a trav\u00e9s de la App para dispositivos m\u00f3viles &#8220;Notificaciones Senasa&#8221;, disponible en Play Store; escribiendo un correo electr\u00f3nico a:&nbsp;notificaciones@senasa.gob.ar&nbsp;o a trav\u00e9s del apartado Avis\u00e1 al Senasa de la p\u00e1gina web del Organismo. Para m\u00e1s informaci\u00f3n sobre la enfermedad ingresar al Microstio y en Noticias relacionadas.<\/p>\n","protected":false},"excerpt":{"rendered":"<p>El Senasa mediante su Resoluci\u00f3n 1219\/2023 publicada en hoy el Bolet\u00edn Oficial, busca contener, prevenir&#8230;<\/p>\n","protected":false},"author":1,"featured_media":1030,"comment_status":"open","ping_status":"open","sticky":false,"template":"","format":"standard","meta":[],"categories":[1],"tags":[],"_links":{"self":[{"href":"https:\/\/neanoticias.com\/index.php\/wp-json\/wp\/v2\/posts\/1029"}],"collection":[{"href":"https:\/\/neanoticias.com\/index.php\/wp-json\/wp\/v2\/posts"}],"about":[{"href":"https:\/\/neanoticias.com\/index.php\/wp-json\/wp\/v2\/types\/post"}],"author":[{"embeddable":true,"href":"https:\/\/neanoticias.com\/index.php\/wp-json\/wp\/v2\/users\/1"}],"replies":[{"embeddable":true,"href":"https:\/\/neanoticias.com\/index.php\/wp-json\/wp\/v2\/comments?post=1029"}],"version-history":[{"count":1,"href":"https:\/\/neanoticias.com\/index.php\/wp-json\/wp\/v2\/posts\/1029\/revisions"}],"predecessor-version":[{"id":1031,"href":"https:\/\/neanoticias.com\/index.php\/wp-json\/wp\/v2\/posts\/1029\/revisions\/1031"}],"wp:featuredmedia":[{"embeddable":true,"href":"https:\/\/neanoticias.com\/index.php\/wp-json\/wp\/v2\/media\/1030"}],"wp:attachment":[{"href":"https:\/\/neanoticias.com\/index.php\/wp-json\/wp\/v2\/media?parent=1029"}],"wp:term":[{"taxonomy":"category","embeddable":true,"href":"https:\/\/neanoticias.com\/index.php\/wp-json\/wp\/v2\/categories?post=1029"},{"taxonomy":"post_tag","embeddable":true,"href":"https:\/\/neanoticias.com\/index.php\/wp-json\/wp\/v2\/tags?post=1029"}],"curies":[{"name":"wp","href":"https:\/\/api.w.org\/{rel}","templated":true}]}}