{"id":1026,"date":"2023-11-30T11:33:36","date_gmt":"2023-11-30T11:33:36","guid":{"rendered":"https:\/\/neanoticias.com\/?p=1026"},"modified":"2023-11-30T11:33:37","modified_gmt":"2023-11-30T11:33:37","slug":"la-familia-de-matias-chirino-pidio-la-detencion-de-los-militares-imputados","status":"publish","type":"post","link":"https:\/\/neanoticias.com\/index.php\/2023\/11\/30\/la-familia-de-matias-chirino-pidio-la-detencion-de-los-militares-imputados\/","title":{"rendered":"LA FAMILIA DE MAT\u00cdAS CHIRINO PIDI\u00d3 LA DETENCI\u00d3N DE LOS MILITARES IMPUTADOS"},"content":{"rendered":"\n<p>Mat\u00edas muri\u00f3 en un ritual de iniciaci\u00f3n a causa de los maltratos f\u00edsicos que sufri\u00f3 por parte de sus superiores. Hoy los imputados se encuentran en libertad<\/p>\n\n\n\n<figure class=\"wp-block-image size-full\"><img loading=\"lazy\" width=\"762\" height=\"429\" src=\"https:\/\/neanoticias.com\/wp-content\/uploads\/2023\/11\/1334145w762h429c.jpg.webp\" alt=\"\" class=\"wp-image-1027\" srcset=\"https:\/\/neanoticias.com\/wp-content\/uploads\/2023\/11\/1334145w762h429c.jpg.webp 762w, https:\/\/neanoticias.com\/wp-content\/uploads\/2023\/11\/1334145w762h429c.jpg-300x169.webp 300w\" sizes=\"(max-width: 762px) 100vw, 762px\" \/><\/figure>\n\n\n\n<p>A casi un a\u00f1o y medio del hecho que gener\u00f3 conmoci\u00f3n luego de que el subteniente del Ej\u00e9rcito, Mat\u00edas Chirino, perdiera la vida en la Guarnici\u00f3n militar del Grupo de Artiller\u00eda 3 de la localidad correntina de Paso de los Libres tras un &#8220;ritual de iniciaci\u00f3n&#8221;, la familia pide justicia y que quienes fueron los responsables del hecho, paguen en prisi\u00f3n.<\/p>\n\n\n\n<p>Los oficiales del Ej\u00e9rcito Claudio Andr\u00e9s Luna, Rub\u00e9n Dar\u00edo Ruiz, Hugo Reclus Mart\u00ednez Tarraga, Dar\u00edo Emmanuel Mart\u00ednez, Exequiel Emmanuel Aguilar, Facundo Luis Acosta y Gerardo Sebasti\u00e1n Bautista, fueron imputados en septiembre de este a\u00f1o por homicidio simple en calidad de coautores y agreg\u00f3 la prisi\u00f3n preventiva por estar &#8220;acreditada la existencia de riesgo procesal&#8221;.<\/p>\n\n\n\n<p>Sin embargo la misma no se hizo efectiva debido a que la defensa de los imputados interpuso un recurso de casaci\u00f3n a lo dispuesto por la C\u00e1mara Federal de Corrientes.<\/p>\n\n\n\n<p>&#8220;Estamos muy mal, esto es un infierno todos los d\u00edas para nosotros&#8221;, manifest\u00f3 en declaraciones a T\u00e9lam Ezequiel Chirino, padre del joven oficial oriundo de C\u00f3rdoba, que perdi\u00f3 la vida el 19 de junio de 2022, luego de una noche de maltratos y obligaci\u00f3n de comer y beber en exceso en un contexto de &#8220;cena de bautismo&#8221;, ritual que le provoc\u00f3 una broncoaspiraci\u00f3n que deriv\u00f3 en su muerte, seg\u00fan se detalla en la causa.<\/p>\n\n\n\n<p>Con el recurso de casaci\u00f3n, al d\u00eda de hoy todos los imputados por el homicidio del joven que en ese entonces ten\u00eda 22 a\u00f1os, est\u00e1n en libertad y ahora el &#8220;recurso est\u00e1 en manos de la C\u00e1mara Federal de Casaci\u00f3n&#8221;, dijo Claudio Orosz, abogado de la familia Chirino, quien agreg\u00f3 que esperan que &#8220;la resoluci\u00f3n est\u00e9 antes de fin de a\u00f1o&#8221;.<\/p>\n\n\n\n<p>&#8220;\u00bfC\u00f3mo puede ser que est\u00e9n libres los responsables de la muerte de mi hijo?&#8221;, indag\u00f3 angustiado el padre de la v\u00edctima, que adem\u00e1s coment\u00f3 que la situaci\u00f3n familiar es dif\u00edcil: &#8220;Estamos muy mal, esto es un infierno todos los d\u00edas para nosotros. Nos acostamos llorando y nos levantamos llorando&#8221;.<\/p>\n\n\n\n<p>Recordando el hecho, tuvo lugar en el interior del Casino de Oficiales del Grupo de Artiller\u00eda de Monte 3, ubicado sobre el kil\u00f3metro 10 de la Ruta 117, donde transcurri\u00f3 un ritual de iniciaci\u00f3n con un desenlace fatal, seg\u00fan detalla el expediente.<\/p>\n\n\n\n<p>Seg\u00fan la investigaci\u00f3n del caso, orientada por el fiscal federal Fabi\u00e1n Mart\u00ednez, se pudo determinar que el subteniente Chirino y dos colegas m\u00e1s deb\u00edan presentarse y comenzar a prestar funciones, por orden del segundo jefe de la Unidad, a las 07:30 del d\u00eda 20 de junio de 2022, pero finalmente por instrucci\u00f3n del Subteniente Facundo Luis Acosta, debieron arribar antes de lo previsto, a las 20:15 del 18 de junio de 2022.<\/p>\n\n\n\n<p>Entre el horario de ingreso y las 00:30 del 19 de junio de 2022, se constat\u00f3 que en el interior del quincho de oficiales y sus inmediaciones los acusados &#8220;prevali\u00e9ndose de la autoridad que ten\u00edan (\u2026), en desprecio a la integridad f\u00edsica y moral de sus camaradas Mat\u00edas Ezequiel Chirino, Jorge Manuel Chaile y Rufino Ezequiel Meza, le impartieron \u00f3rdenes arbitrarias y maltratos&#8221;, dice el expediente.<\/p>\n\n\n\n<p>Detalla que los maltratos consistieron en &#8220;obligarlos a ejecutar diferentes tareas denigrantes&#8221;, desde organizar una cena a base de diferentes bebidas alcoh\u00f3licas y gaseosa, cigarrillos y comida a pedido de los sindicados, hasta consumirlas de forma descontrolada.<\/p>\n\n\n\n<p>&#8220;Con el est\u00f3mago vac\u00edo los obligaron a beber alcohol en exceso, extendi\u00e9ndole sus copas, una de ella conteniendo vino con abundante sal, bajo la orden \u2018tome, tome\u2019, provocando que perdieran el conocimiento&#8221;. Asimismo, les exigieron que se colocaran la ropa de verano ante temperaturas de entre 4 y 2 grados y se sumergieran a la pileta del casino de oficiales cuya agua se encontraba sucia, por un tiempo de 30 segundos aproximadamente.<\/p>\n\n\n\n<p>Con el paso de las horas fueron perdiendo el conocimiento por la intoxicaci\u00f3n alcoh\u00f3lica y las dem\u00e1s circunstancias de maltrato. En este contexto fueron abandonados en el lugar, donde quedaron recostados en unas colchonetas que estaban tiradas en el piso hasta las 06:09 que se emiti\u00f3 una alerta por el grave estado en el que se encontraba uno de los subtenientes, el joven Chirino.<\/p>\n\n\n\n<p>Seg\u00fan la autopsia realizada, la v\u00edctima muri\u00f3 por broncoaspiraci\u00f3n tras vomitar en estado de inconsciencia y estando acostado, mientras que se registr\u00f3 1,45 gramos de alcohol por litro de sangre.<\/p>\n\n\n\n<p>A ra\u00edz de la tr\u00e1gica muerte, en noviembre del a\u00f1o pasado el ministro de Defensa, Jorge Taiana, prohibi\u00f3 la autorizaci\u00f3n y realizaci\u00f3n de festejos, &#8220;ritos y ceremonias de iniciaci\u00f3n&#8221;, reuniones sociales o cualquier tipo de actividad; as\u00ed como tambi\u00e9n el ingreso, provisi\u00f3n y consumo de bebidas alcoh\u00f3licas dentro de unidades y establecimientos militares con motivo del comienzo o la finalizaci\u00f3n de actividades de formaci\u00f3n o entrenamiento.<\/p>\n","protected":false},"excerpt":{"rendered":"<p>Mat\u00edas muri\u00f3 en un ritual de iniciaci\u00f3n a causa de los maltratos f\u00edsicos que sufri\u00f3&#8230;<\/p>\n","protected":false},"author":1,"featured_media":1027,"comment_status":"open","ping_status":"open","sticky":false,"template":"","format":"standard","meta":[],"categories":[1],"tags":[],"_links":{"self":[{"href":"https:\/\/neanoticias.com\/index.php\/wp-json\/wp\/v2\/posts\/1026"}],"collection":[{"href":"https:\/\/neanoticias.com\/index.php\/wp-json\/wp\/v2\/posts"}],"about":[{"href":"https:\/\/neanoticias.com\/index.php\/wp-json\/wp\/v2\/types\/post"}],"author":[{"embeddable":true,"href":"https:\/\/neanoticias.com\/index.php\/wp-json\/wp\/v2\/users\/1"}],"replies":[{"embeddable":true,"href":"https:\/\/neanoticias.com\/index.php\/wp-json\/wp\/v2\/comments?post=1026"}],"version-history":[{"count":1,"href":"https:\/\/neanoticias.com\/index.php\/wp-json\/wp\/v2\/posts\/1026\/revisions"}],"predecessor-version":[{"id":1028,"href":"https:\/\/neanoticias.com\/index.php\/wp-json\/wp\/v2\/posts\/1026\/revisions\/1028"}],"wp:featuredmedia":[{"embeddable":true,"href":"https:\/\/neanoticias.com\/index.php\/wp-json\/wp\/v2\/media\/1027"}],"wp:attachment":[{"href":"https:\/\/neanoticias.com\/index.php\/wp-json\/wp\/v2\/media?parent=1026"}],"wp:term":[{"taxonomy":"category","embeddable":true,"href":"https:\/\/neanoticias.com\/index.php\/wp-json\/wp\/v2\/categories?post=1026"},{"taxonomy":"post_tag","embeddable":true,"href":"https:\/\/neanoticias.com\/index.php\/wp-json\/wp\/v2\/tags?post=1026"}],"curies":[{"name":"wp","href":"https:\/\/api.w.org\/{rel}","templated":true}]}}