{"id":1016,"date":"2023-11-29T14:42:48","date_gmt":"2023-11-29T14:42:48","guid":{"rendered":"https:\/\/neanoticias.com\/?p=1016"},"modified":"2023-11-29T14:42:48","modified_gmt":"2023-11-29T14:42:48","slug":"atraparon-a-puma-que-aparecio-en-una-estancia-de-un-paraje-en-alvear","status":"publish","type":"post","link":"https:\/\/neanoticias.com\/index.php\/2023\/11\/29\/atraparon-a-puma-que-aparecio-en-una-estancia-de-un-paraje-en-alvear\/","title":{"rendered":"ATRAPARON A PUMA QUE APARECI\u00d3 EN UNA ESTANCIA DE UN PARAJE EN ALVEAR"},"content":{"rendered":"\n<p>Los habitantes de Cuay Chico se vieron sorprendidos por la presencia del felino y r\u00e1pidamente dieron aviso a las autoridades de Flora y Fauna, quienes luego de un arduo trabajo pudieron capturar al animal que provoc\u00f3 el temor de mucha gente.<\/p>\n\n\n\n<figure class=\"wp-block-image size-full\"><img loading=\"lazy\" width=\"762\" height=\"575\" src=\"https:\/\/neanoticias.com\/wp-content\/uploads\/2023\/11\/1333831w762h575c.jpg.webp\" alt=\"\" class=\"wp-image-1017\" srcset=\"https:\/\/neanoticias.com\/wp-content\/uploads\/2023\/11\/1333831w762h575c.jpg.webp 762w, https:\/\/neanoticias.com\/wp-content\/uploads\/2023\/11\/1333831w762h575c.jpg-300x226.webp 300w\" sizes=\"(max-width: 762px) 100vw, 762px\" \/><\/figure>\n\n\n\n<p>Con la creciente de los r\u00edos Uruguay y Paran\u00e1 en distintos puntos de la provincia aparecieron animales que habitualmente no circulan por zonas urbanas.<\/p>\n\n\n\n<p>En los \u00faltimos d\u00edas, la localidad correntina de Alvear se vio alterada por la aparici\u00f3n de un puma que estaba deambulando en una estancia del paraje Cuay Chico.<\/p>\n\n\n\n<p>Los vecinos dieron aviso a Fauna, que pudo capturar al animal.<\/p>\n\n\n\n<p>Se trata de una hembra de pelo fino y muy mansa, solo se vio algo molesta cuando permanec\u00eda dentro de la jaula, en la que se produjo rasgu\u00f1os en su cara.<\/p>\n\n\n\n<p>Las autoridades de la Direcci\u00f3n Provincial de Flora y Fauna recomiendan que ante la aparici\u00f3n de animales den aviso a la Municipalidad o a los n\u00fameros gratuitos, como ser el 911 de la Polic\u00eda y los n\u00fameros de las fuerzas federales.<\/p>\n\n\n\n<p>Vale mencionar que el puma mide entre 85 a 150 cm de largo (cabeza y cuerpo) y m\u00e1s 45 a 85 cm de cola. Su peso va desde los 34 a 105 kg (excepcionalmente hasta 120 kg), siendo el macho m\u00e1s robusto que la hembra.<\/p>\n\n\n\n<p>Es un felino de gran tama\u00f1o, casi como el yaguaret\u00e9 (panthera onca), incluso super\u00e1ndolo en algunas medidas externas, aunque no alcanza su corpulencia.<\/p>\n\n\n\n<p>Presenta una forma esbelta, cabeza ancha, con orejas redondeadas y cola larga, del mismo grosor en toda su longitud.<\/p>\n\n\n\n<p>En el adulto el pelaje es suave, corto y de color uniforme; mientras que en las cr\u00edas presenta un moteado muy oscuro durante los tres o cuatro primeros meses de vida que va perdi\u00e9ndose con la madurez.<\/p>\n\n\n\n<p>El color var\u00eda desde leonado rojizo hasta gris\u00e1ceo o pardo oscuro, siendo m\u00e1s intenso en la frente y en la l\u00ednea media del dorso.<\/p>\n","protected":false},"excerpt":{"rendered":"<p>Los habitantes de Cuay Chico se vieron sorprendidos por la presencia del felino y r\u00e1pidamente&#8230;<\/p>\n","protected":false},"author":1,"featured_media":1017,"comment_status":"open","ping_status":"open","sticky":false,"template":"","format":"standard","meta":[],"categories":[1],"tags":[],"_links":{"self":[{"href":"https:\/\/neanoticias.com\/index.php\/wp-json\/wp\/v2\/posts\/1016"}],"collection":[{"href":"https:\/\/neanoticias.com\/index.php\/wp-json\/wp\/v2\/posts"}],"about":[{"href":"https:\/\/neanoticias.com\/index.php\/wp-json\/wp\/v2\/types\/post"}],"author":[{"embeddable":true,"href":"https:\/\/neanoticias.com\/index.php\/wp-json\/wp\/v2\/users\/1"}],"replies":[{"embeddable":true,"href":"https:\/\/neanoticias.com\/index.php\/wp-json\/wp\/v2\/comments?post=1016"}],"version-history":[{"count":1,"href":"https:\/\/neanoticias.com\/index.php\/wp-json\/wp\/v2\/posts\/1016\/revisions"}],"predecessor-version":[{"id":1018,"href":"https:\/\/neanoticias.com\/index.php\/wp-json\/wp\/v2\/posts\/1016\/revisions\/1018"}],"wp:featuredmedia":[{"embeddable":true,"href":"https:\/\/neanoticias.com\/index.php\/wp-json\/wp\/v2\/media\/1017"}],"wp:attachment":[{"href":"https:\/\/neanoticias.com\/index.php\/wp-json\/wp\/v2\/media?parent=1016"}],"wp:term":[{"taxonomy":"category","embeddable":true,"href":"https:\/\/neanoticias.com\/index.php\/wp-json\/wp\/v2\/categories?post=1016"},{"taxonomy":"post_tag","embeddable":true,"href":"https:\/\/neanoticias.com\/index.php\/wp-json\/wp\/v2\/tags?post=1016"}],"curies":[{"name":"wp","href":"https:\/\/api.w.org\/{rel}","templated":true}]}}