{"id":1008,"date":"2023-11-17T13:10:13","date_gmt":"2023-11-17T13:10:13","guid":{"rendered":"https:\/\/neanoticias.com\/?p=1008"},"modified":"2023-11-17T13:10:14","modified_gmt":"2023-11-17T13:10:14","slug":"los-rios-con-leves-descensos-pero-se-espera-subas-en-los-proximos-dias","status":"publish","type":"post","link":"https:\/\/neanoticias.com\/index.php\/2023\/11\/17\/los-rios-con-leves-descensos-pero-se-espera-subas-en-los-proximos-dias\/","title":{"rendered":"LOS R\u00cdOS CON LEVES DESCENSOS PERO SE ESPERA SUBAS EN LOS PR\u00d3XIMOS D\u00cdAS"},"content":{"rendered":"\n<p>Las lluvias en las altas cuencas comienzan a tener efectos. Por esta raz\u00f3n en los puertos de la provincia se aguarda que entre el fin de semana y los primeros d\u00edas de la entrante haya otro repunte en el Parar\u00e1 y Uruguay. Capital sigue con 11 evacuados.<\/p>\n\n\n\n<figure class=\"wp-block-image size-full\"><img loading=\"lazy\" width=\"762\" height=\"385\" src=\"https:\/\/neanoticias.com\/wp-content\/uploads\/2023\/11\/1331552w762h385c.jpg.webp\" alt=\"\" class=\"wp-image-1009\" srcset=\"https:\/\/neanoticias.com\/wp-content\/uploads\/2023\/11\/1331552w762h385c.jpg.webp 762w, https:\/\/neanoticias.com\/wp-content\/uploads\/2023\/11\/1331552w762h385c.jpg-300x152.webp 300w\" sizes=\"(max-width: 762px) 100vw, 762px\" \/><\/figure>\n\n\n\n<p>Los r\u00edos Paran\u00e1 y Uruguay se encuentran con una leve baja en la mayor\u00eda de las localidades afectadas para la crecida. Las lluvias en las altas cuencas podr\u00edan provocar nuevas subas en los pr\u00f3ximos d\u00edas.<\/p>\n\n\n\n<p>Ayer, las precipitaciones fueron m\u00ednimas en la ciudad de Corrientes; pese a esta situaci\u00f3n, las viviendas afectadas por la creciente del r\u00edo Paran\u00e1 contin\u00faan bajo agua.<\/p>\n\n\n\n<p>De acuerdo a los datos oficiales, el descenso de los r\u00edos Paran\u00e1 y Uruguay ser\u00e1 lento.<\/p>\n\n\n\n<p>Esto se nota en el puerto de Corrientes. En el registro de las 15 de ayer, la mediaci\u00f3n era 6, 56 metros.<\/p>\n\n\n\n<p>Con este n\u00famero, la capital provincial se mantiene en la etapa de alerta. Si bien se registra un descenso, el mismo es lento y las casas afectadas siguen complicadas.<\/p>\n\n\n\n<p>En este sentido, el subsecretario Integral de Riesgos y Cat\u00e1strofes, Pedro Ruiz, inform\u00f3 que la ciudad de Corrientes mantiene el n\u00famero de evacuados.<\/p>\n\n\n\n<p>&#8220;Todav\u00eda contamos con 11 evacuados en nuestra capital. Todos cuentan con la asistencia correspondiente y aguardan que mejore las condiciones de sus hogares para regresar. Lamentablemente, el descenso del r\u00edo, por las previsiones que hay, ser\u00e1 muy lento&#8221;, dijo el funcionario comunal en comunicaci\u00f3n con este medio.<\/p>\n\n\n\n<h2>Lluvias en las altas cuencas<\/h2>\n\n\n\n<p>Si bien, los puertos correntinos del r\u00edo Paran\u00e1 y Uruguay registraron bajas, las lluvias que se dieron en las altas cuencas \u0096Brasil, Misiones, entre otros-, podr\u00edan tener sus repercusiones en los pr\u00f3ximos d\u00edas.<\/p>\n\n\n\n<p>As\u00ed lo manifest\u00f3 el subsecretario de Riesgos y Cat\u00e1strofes de la ciudad de Corrientes.<\/p>\n\n\n\n<p>&#8220;Entre lunes y martes podr\u00eda haber suba en los puertos de la provincia.<\/p>\n\n\n\n<p>Es que las lluvias en las altas cuencas ya comienzan a sentirse en el puerto de la provincia de Misiones. Ese caudal de agua llegar\u00e1 la pr\u00f3xima semana a nuestra capital&#8221;, dijo Pedro Ruiz a \u00e9poca.<\/p>\n\n\n\n<h2>Efectos de la creciente<\/h2>\n\n\n\n<p>En la tarde ayer, los ocasionales caminantes de la costanera General San Mart\u00edn se sorprendieron al ver una v\u00edbora que bordeaba la vereda del Club Mbigua Mboy.<\/p>\n\n\n\n<p>En un momento dado, el reptil se acerc\u00f3 a un veh\u00edculo estacionado. Una de las personas advirti\u00f3 que ingres\u00f3 al rodado. Por esta raz\u00f3n, al no estar presente el due\u00f1o del auto, se decidi\u00f3 confeccionar un cartel advirti\u00e9ndole sobre la situaci\u00f3n.<\/p>\n\n\n\n<p>&#8220;Por favor no suba al auto, hay una v\u00edbora&#8221;, se observaba en el manuscrito que qued\u00f3 en el parabrisas. Minutos m\u00e1s tarde se acerc\u00f3 la unidad de rescate para verificar si hab\u00eda ingresado y finalmente se descart\u00f3 esa posibilidad.<\/p>\n","protected":false},"excerpt":{"rendered":"<p>Las lluvias en las altas cuencas comienzan a tener efectos. Por esta raz\u00f3n en los&#8230;<\/p>\n","protected":false},"author":1,"featured_media":1009,"comment_status":"open","ping_status":"open","sticky":false,"template":"","format":"standard","meta":[],"categories":[1],"tags":[],"_links":{"self":[{"href":"https:\/\/neanoticias.com\/index.php\/wp-json\/wp\/v2\/posts\/1008"}],"collection":[{"href":"https:\/\/neanoticias.com\/index.php\/wp-json\/wp\/v2\/posts"}],"about":[{"href":"https:\/\/neanoticias.com\/index.php\/wp-json\/wp\/v2\/types\/post"}],"author":[{"embeddable":true,"href":"https:\/\/neanoticias.com\/index.php\/wp-json\/wp\/v2\/users\/1"}],"replies":[{"embeddable":true,"href":"https:\/\/neanoticias.com\/index.php\/wp-json\/wp\/v2\/comments?post=1008"}],"version-history":[{"count":1,"href":"https:\/\/neanoticias.com\/index.php\/wp-json\/wp\/v2\/posts\/1008\/revisions"}],"predecessor-version":[{"id":1010,"href":"https:\/\/neanoticias.com\/index.php\/wp-json\/wp\/v2\/posts\/1008\/revisions\/1010"}],"wp:featuredmedia":[{"embeddable":true,"href":"https:\/\/neanoticias.com\/index.php\/wp-json\/wp\/v2\/media\/1009"}],"wp:attachment":[{"href":"https:\/\/neanoticias.com\/index.php\/wp-json\/wp\/v2\/media?parent=1008"}],"wp:term":[{"taxonomy":"category","embeddable":true,"href":"https:\/\/neanoticias.com\/index.php\/wp-json\/wp\/v2\/categories?post=1008"},{"taxonomy":"post_tag","embeddable":true,"href":"https:\/\/neanoticias.com\/index.php\/wp-json\/wp\/v2\/tags?post=1008"}],"curies":[{"name":"wp","href":"https:\/\/api.w.org\/{rel}","templated":true}]}}