{"id":1005,"date":"2023-11-17T13:08:32","date_gmt":"2023-11-17T13:08:32","guid":{"rendered":"https:\/\/neanoticias.com\/?p=1005"},"modified":"2023-11-17T13:08:33","modified_gmt":"2023-11-17T13:08:33","slug":"joven-asesinado-de-punalada-en-el-pecho-sospechan-de-menor","status":"publish","type":"post","link":"https:\/\/neanoticias.com\/index.php\/2023\/11\/17\/joven-asesinado-de-punalada-en-el-pecho-sospechan-de-menor\/","title":{"rendered":"JOVEN ASESINADO DE PU\u00d1ALADA EN EL PECHO: SOSPECHAN DE MENOR"},"content":{"rendered":"\n<p>Su padre lo hall\u00f3 sobre un charco de agua y barro en el capitalino barrio Juan XXIII. Lo llev\u00f3 a la casa sin notar la herida. Muri\u00f3 rato despu\u00e9s en el hospital.<\/p>\n\n\n\n<figure class=\"wp-block-image size-full\"><img loading=\"lazy\" width=\"762\" height=\"427\" src=\"https:\/\/neanoticias.com\/wp-content\/uploads\/2023\/11\/1331566w762h427c.jpg.webp\" alt=\"\" class=\"wp-image-1006\" srcset=\"https:\/\/neanoticias.com\/wp-content\/uploads\/2023\/11\/1331566w762h427c.jpg.webp 762w, https:\/\/neanoticias.com\/wp-content\/uploads\/2023\/11\/1331566w762h427c.jpg-300x168.webp 300w\" sizes=\"(max-width: 762px) 100vw, 762px\" \/><\/figure>\n\n\n\n<p>Un joven con antecedentes relacionados a delitos de hurtos y robos fue asesinado ayer a la madrugada de una pu\u00f1alada en el pecho. La v\u00edctima cay\u00f3 malherida sobre un charco de agua y barro donde lo hall\u00f3 su padre, quien pidi\u00f3 ayuda a la Polic\u00eda para trasladarlo a su casa sin saber que acusaba el puntazo mortal.<\/p>\n\n\n\n<p>Francisco Arriola, de 22 a\u00f1os, muri\u00f3 mientras era asistido en el Hospital Escuela. La lesi\u00f3n roz\u00f3 el coraz\u00f3n y provoc\u00f3 una hemorragia interna, seg\u00fan datos informados a diario \u00e9poca de fuentes cercanas a la investigaci\u00f3n.<\/p>\n\n\n\n<p>Alrededor de las 2:15, polic\u00edas del Grupo de Intervenci\u00f3n R\u00e1pida fueron enviados a Pasaje Las Flores, entre Gato y Mancha y Hortensio Quijano, para corroborar sobre una persona tirada en la v\u00eda p\u00fablica.<\/p>\n\n\n\n<p>Al llegar, en el lugar estaba un hombre de 55 a\u00f1os quien se identific\u00f3 como el padre del muchacho que estaba semidesvanecido y completamente embarrado.<\/p>\n\n\n\n<p>El joven balbuceaba palabras poco entendibles. Entonces, su pap\u00e1 solicit\u00f3 a los efectivos el favor de llevarlos hacia su domicilio, ubicado en el barrio Santa Marta, a unas seis cuadras de distancia.<\/p>\n\n\n\n<p>Pocos minutos despu\u00e9s, el hombre llam\u00f3 a la Polic\u00eda para decir que su hijo, a quien ba\u00f1\u00f3 suponiendo que solo estaba descompensado, presentaba una herida de arma blanca y estaba muriendo.<\/p>\n\n\n\n<p>Uniformados de la comisar\u00eda Duod\u00e9cima dieron inicio a un proceso investigativo de homicidio.<\/p>\n\n\n\n<p>Las pericias en el lugar del hallazgo del muchacho indican que no fue el escenario de la agresi\u00f3n. A su vez, esa hip\u00f3tesis fue reforzada con la declaraci\u00f3n de un vecino que vio al joven caminar tambaleante, aparentemente desde el asentamiento del barrio Patono, ubicado a cuadra y media.<\/p>\n\n\n\n<p>M\u00e1s tarde, la Polic\u00eda realiz\u00f3 el secuestro de la posible arma blanca que ser\u00eda similar a un &#8220;punz\u00f3n&#8221;. El objeto estaba en el suelo a algo m\u00e1s de 100 metros.<\/p>\n\n\n\n<p>La familia de la v\u00edctima acusar\u00eda como supuesto autor del homicidio a un adolescente de 15 a\u00f1os. El menor estuvo unas horas demorado y acompa\u00f1ado de sus padres. &#8220;No hay pruebas concretas de que haya sido el autor&#8221;, indic\u00f3 una de las fuentes consultadas. Igual, figura como &#8220;sospechoso&#8221;.<\/p>\n\n\n\n<p>Respecto al joven ultimado trascendi\u00f3 que tendr\u00eda varios &#8220;enemigos&#8221; y en los \u00faltimos d\u00edas protagoniz\u00f3 ri\u00f1as callejeras.<\/p>\n","protected":false},"excerpt":{"rendered":"<p>Su padre lo hall\u00f3 sobre un charco de agua y barro en el capitalino barrio&#8230;<\/p>\n","protected":false},"author":1,"featured_media":1006,"comment_status":"open","ping_status":"open","sticky":false,"template":"","format":"standard","meta":[],"categories":[1],"tags":[],"_links":{"self":[{"href":"https:\/\/neanoticias.com\/index.php\/wp-json\/wp\/v2\/posts\/1005"}],"collection":[{"href":"https:\/\/neanoticias.com\/index.php\/wp-json\/wp\/v2\/posts"}],"about":[{"href":"https:\/\/neanoticias.com\/index.php\/wp-json\/wp\/v2\/types\/post"}],"author":[{"embeddable":true,"href":"https:\/\/neanoticias.com\/index.php\/wp-json\/wp\/v2\/users\/1"}],"replies":[{"embeddable":true,"href":"https:\/\/neanoticias.com\/index.php\/wp-json\/wp\/v2\/comments?post=1005"}],"version-history":[{"count":1,"href":"https:\/\/neanoticias.com\/index.php\/wp-json\/wp\/v2\/posts\/1005\/revisions"}],"predecessor-version":[{"id":1007,"href":"https:\/\/neanoticias.com\/index.php\/wp-json\/wp\/v2\/posts\/1005\/revisions\/1007"}],"wp:featuredmedia":[{"embeddable":true,"href":"https:\/\/neanoticias.com\/index.php\/wp-json\/wp\/v2\/media\/1006"}],"wp:attachment":[{"href":"https:\/\/neanoticias.com\/index.php\/wp-json\/wp\/v2\/media?parent=1005"}],"wp:term":[{"taxonomy":"category","embeddable":true,"href":"https:\/\/neanoticias.com\/index.php\/wp-json\/wp\/v2\/categories?post=1005"},{"taxonomy":"post_tag","embeddable":true,"href":"https:\/\/neanoticias.com\/index.php\/wp-json\/wp\/v2\/tags?post=1005"}],"curies":[{"name":"wp","href":"https:\/\/api.w.org\/{rel}","templated":true}]}}