{"id":1001,"date":"2023-11-17T13:05:30","date_gmt":"2023-11-17T13:05:30","guid":{"rendered":"https:\/\/neanoticias.com\/?p=1001"},"modified":"2023-11-17T13:05:32","modified_gmt":"2023-11-17T13:05:32","slug":"rige-la-veda-electoral-en-el-camino-a-un-trascendental-balotaje-presidencial","status":"publish","type":"post","link":"https:\/\/neanoticias.com\/index.php\/2023\/11\/17\/rige-la-veda-electoral-en-el-camino-a-un-trascendental-balotaje-presidencial\/","title":{"rendered":"RIGE LA VEDA ELECTORAL EN EL CAMINO A UN TRASCENDENTAL BALOTAJE PRESIDENCIAL"},"content":{"rendered":"\n<p>Cerraron las campa\u00f1as de Massa y Milei y definir\u00e1n el domingo. Uni\u00f3n por la Patria ratific\u00f3 su fortaleza en el despliegue territorial y las recorridas casa por casa. La Libertad Avanza confirm\u00f3 que tendr\u00e1 al 100% su fiscalizaci\u00f3n en toda la provincia. Reparten las urnas.<\/p>\n\n\n\n<figure class=\"wp-block-image size-full\"><img loading=\"lazy\" width=\"762\" height=\"715\" src=\"https:\/\/neanoticias.com\/wp-content\/uploads\/2023\/11\/1331523w762h715c.jpg.webp\" alt=\"\" class=\"wp-image-1002\" srcset=\"https:\/\/neanoticias.com\/wp-content\/uploads\/2023\/11\/1331523w762h715c.jpg.webp 762w, https:\/\/neanoticias.com\/wp-content\/uploads\/2023\/11\/1331523w762h715c.jpg-300x281.webp 300w\" sizes=\"(max-width: 762px) 100vw, 762px\" \/><\/figure>\n\n\n\n<p>En dos d\u00edas se define el pa\u00eds por los pr\u00f3ximos cuatro a\u00f1os. Y entre dos propuestas realmente antag\u00f3nicas. As\u00ed de trascendentes son las elecciones de este domingo en que Argentina realizar\u00e1 el balotaje por un nuevo Presidente. O Sergio Massa o Javier Milei ser\u00e1 ungido con el voto popular en una de las definiciones presidenciales m\u00e1s inciertas de estos 40 a\u00f1os de democracia ininterrumpida que se conmemorar\u00e1n -justamente- este 10 de diciembre.<\/p>\n\n\n\n<p>Las campa\u00f1as electorales cerraron con distintos matices, otra muestra m\u00e1s de la polarizaci\u00f3n de un escenario de incertidumbre sobre el resultado final, algo que ya distingui\u00f3 todo este proceso de elecciones presidenciales que arranc\u00f3 con las PASO de agosto y se profundiz\u00f3 en las Generales de hace casi un mes.<\/p>\n\n\n\n<p>En Corrientes, Uni\u00f3n por la Patria ratific\u00f3, hasta el final de sus acciones proselitistas, la fortaleza en el despliegue territorial y en las recorridas casa por casa.<\/p>\n\n\n\n<p>La Libertad Avanza, en tanto, confirm\u00f3 a trav\u00e9s de sus principales dirigentes que tendr\u00e1 al 100% su fiscalizaci\u00f3n en toda la provincia, una cuesti\u00f3n de gran preocupaci\u00f3n que ven\u00edan arrastrando en cada uno de los dos turnos electorales anteriores. Adem\u00e1s, aseguraron que disponen de suficiente boletas para cubrir la demanda y no tener inconvenientes de disponibilidad en este sentido.<\/p>\n\n\n\n<p>En ambos sectores, durante la \u00faltima jornada de campa\u00f1a se sigui\u00f3 con especial atenci\u00f3n los actos de cierre y mensajes pronunciados por cada candidato, al tiempo que se agiliz\u00f3 la log\u00edstica para el d\u00eda de las elecciones.<\/p>\n\n\n\n<p>Adem\u00e1s, el organismo electoral local apur\u00f3 el proceso de carga y reparto de urnas al interior y la capital. Todo debe estar listo para el s\u00e1bado.<\/p>\n\n\n\n<p>En paralelo, se trabaj\u00f3 y se trabajar\u00e1 hasta hoy en la capacitaci\u00f3n de autoridades de mesa. En este sentido, la Junta Electoral Nacional del distrito Corrientes confirm\u00f3 que &#8220;las personas que fueron designadas autoridades de mesa para las elecciones generales (del 22 de octubre) tambi\u00e9n deber\u00e1n cumplir dichas funciones en la segunda vuelta&#8221;.<\/p>\n\n\n\n<p>As\u00ed queda despejado el camino a un trascendental balotaje presidencial. En Corrientes, el padr\u00f3n total es de 993.387 ciudadanos habilitados para votar este domingo. Y se podr\u00e1 sufragar en 2.760 mesas distribuidas en toda la provincia.<\/p>\n","protected":false},"excerpt":{"rendered":"<p>Cerraron las campa\u00f1as de Massa y Milei y definir\u00e1n el domingo. Uni\u00f3n por la Patria&#8230;<\/p>\n","protected":false},"author":1,"featured_media":1002,"comment_status":"open","ping_status":"open","sticky":false,"template":"","format":"standard","meta":[],"categories":[1],"tags":[],"_links":{"self":[{"href":"https:\/\/neanoticias.com\/index.php\/wp-json\/wp\/v2\/posts\/1001"}],"collection":[{"href":"https:\/\/neanoticias.com\/index.php\/wp-json\/wp\/v2\/posts"}],"about":[{"href":"https:\/\/neanoticias.com\/index.php\/wp-json\/wp\/v2\/types\/post"}],"author":[{"embeddable":true,"href":"https:\/\/neanoticias.com\/index.php\/wp-json\/wp\/v2\/users\/1"}],"replies":[{"embeddable":true,"href":"https:\/\/neanoticias.com\/index.php\/wp-json\/wp\/v2\/comments?post=1001"}],"version-history":[{"count":1,"href":"https:\/\/neanoticias.com\/index.php\/wp-json\/wp\/v2\/posts\/1001\/revisions"}],"predecessor-version":[{"id":1003,"href":"https:\/\/neanoticias.com\/index.php\/wp-json\/wp\/v2\/posts\/1001\/revisions\/1003"}],"wp:featuredmedia":[{"embeddable":true,"href":"https:\/\/neanoticias.com\/index.php\/wp-json\/wp\/v2\/media\/1002"}],"wp:attachment":[{"href":"https:\/\/neanoticias.com\/index.php\/wp-json\/wp\/v2\/media?parent=1001"}],"wp:term":[{"taxonomy":"category","embeddable":true,"href":"https:\/\/neanoticias.com\/index.php\/wp-json\/wp\/v2\/categories?post=1001"},{"taxonomy":"post_tag","embeddable":true,"href":"https:\/\/neanoticias.com\/index.php\/wp-json\/wp\/v2\/tags?post=1001"}],"curies":[{"name":"wp","href":"https:\/\/api.w.org\/{rel}","templated":true}]}}